{"id":63,"count":1,"description":"","link":"https:\/\/www.photagne.com\/it\/tag\/svizzero\/","name":"svizzero","slug":"suisse","taxonomy":"post_tag","meta":[],"yoast_head":"<!-- This site is optimized with the Yoast SEO plugin v20.12 - https:\/\/yoast.com\/wordpress\/plugins\/seo\/ -->\n<title>Archives des Suisse &bull; Photagne<\/title>\n<meta name=\"robots\" content=\"index, follow, max-snippet:-1, max-image-preview:large, max-video-preview:-1\" \/>\n<link rel=\"canonical\" href=\"https:\/\/www.photagne.com\/it\/tag\/suisse\/\" \/>\n<meta property=\"og:locale\" content=\"it_IT\" \/>\n<meta property=\"og:type\" content=\"article\" \/>\n<meta property=\"og:title\" content=\"Archives des Suisse &bull; Photagne\" \/>\n<meta property=\"og:url\" content=\"https:\/\/www.photagne.com\/it\/tag\/suisse\/\" \/>\n<meta property=\"og:site_name\" content=\"Photagne\" \/>\n<meta name=\"twitter:card\" content=\"summary_large_image\" \/>\n<script type=\"application\/ld+json\" class=\"yoast-schema-graph\">{\"@context\":\"https:\/\/schema.org\",\"@graph\":[{\"@type\":\"CollectionPage\",\"@id\":\"https:\/\/www.photagne.com\/tag\/suisse\/\",\"url\":\"https:\/\/www.photagne.com\/tag\/suisse\/\",\"name\":\"Archives des Suisse &bull; Photagne\",\"isPartOf\":{\"@id\":\"https:\/\/www.photagne.com\/#website\"},\"breadcrumb\":{\"@id\":\"https:\/\/www.photagne.com\/tag\/suisse\/#breadcrumb\"},\"inLanguage\":\"it-IT\"},{\"@type\":\"BreadcrumbList\",\"@id\":\"https:\/\/www.photagne.com\/tag\/suisse\/#breadcrumb\",\"itemListElement\":[{\"@type\":\"ListItem\",\"position\":1,\"name\":\"Accueil\",\"item\":\"https:\/\/www.photagne.com\/\"},{\"@type\":\"ListItem\",\"position\":2,\"name\":\"Suisse\"}]},{\"@type\":\"WebSite\",\"@id\":\"https:\/\/www.photagne.com\/#website\",\"url\":\"https:\/\/www.photagne.com\/\",\"name\":\"Photagne\",\"description\":\"Montagne, mer et paysages... Aussi vrais que nature.\",\"publisher\":{\"@id\":\"https:\/\/www.photagne.com\/#\/schema\/person\/3e571ba91ff94f56525115c261aa9530\"},\"potentialAction\":[{\"@type\":\"SearchAction\",\"target\":{\"@type\":\"EntryPoint\",\"urlTemplate\":\"https:\/\/www.photagne.com\/?s={search_term_string}\"},\"query-input\":\"required name=search_term_string\"}],\"inLanguage\":\"it-IT\"},{\"@type\":[\"Person\",\"Organization\"],\"@id\":\"https:\/\/www.photagne.com\/#\/schema\/person\/3e571ba91ff94f56525115c261aa9530\",\"name\":\"Photagne\",\"image\":{\"@type\":\"ImageObject\",\"inLanguage\":\"it-IT\",\"@id\":\"https:\/\/www.photagne.com\/#\/schema\/person\/image\/\",\"url\":\"https:\/\/www.photagne.com\/wp-content\/uploads\/2021\/01\/P6180874-1-scaled.jpeg\",\"contentUrl\":\"https:\/\/www.photagne.com\/wp-content\/uploads\/2021\/01\/P6180874-1-scaled.jpeg\",\"width\":1920,\"height\":2560,\"caption\":\"Photagne\"},\"logo\":{\"@id\":\"https:\/\/www.photagne.com\/#\/schema\/person\/image\/\"},\"description\":\"J'ai commenc\u00e9 la photographie en 2015 lors d'un voyage \u00e0 Hawaii. Depuis lors, je me consacre \u00e0 la photographie de paysages lors de mes nombreux treks en montagne.\",\"sameAs\":[\"https:\/\/photagne.com\"]}]}<\/script>\n<!-- \/ Yoast SEO plugin. -->","yoast_head_json":{"title":"Archives des Suisse &bull; Photagne","robots":{"index":"index","follow":"follow","max-snippet":"max-snippet:-1","max-image-preview":"max-image-preview:large","max-video-preview":"max-video-preview:-1"},"canonical":"https:\/\/www.photagne.com\/it\/tag\/suisse\/","og_locale":"it_IT","og_type":"article","og_title":"Archives des Suisse &bull; Photagne","og_url":"https:\/\/www.photagne.com\/it\/tag\/suisse\/","og_site_name":"Photagne","twitter_card":"summary_large_image","schema":{"@context":"https:\/\/schema.org","@graph":[{"@type":"CollectionPage","@id":"https:\/\/www.photagne.com\/tag\/suisse\/","url":"https:\/\/www.photagne.com\/tag\/suisse\/","name":"Archives des Suisse &bull; Photagne","isPartOf":{"@id":"https:\/\/www.photagne.com\/#website"},"breadcrumb":{"@id":"https:\/\/www.photagne.com\/tag\/suisse\/#breadcrumb"},"inLanguage":"it-IT"},{"@type":"BreadcrumbList","@id":"https:\/\/www.photagne.com\/tag\/suisse\/#breadcrumb","itemListElement":[{"@type":"ListItem","position":1,"name":"Accueil","item":"https:\/\/www.photagne.com\/"},{"@type":"ListItem","position":2,"name":"Suisse"}]},{"@type":"WebSite","@id":"https:\/\/www.photagne.com\/#website","url":"https:\/\/www.photagne.com\/","name":"Photagne","description":"Montagne, mer et paysages... Aussi vrais que nature.","publisher":{"@id":"https:\/\/www.photagne.com\/#\/schema\/person\/3e571ba91ff94f56525115c261aa9530"},"potentialAction":[{"@type":"SearchAction","target":{"@type":"EntryPoint","urlTemplate":"https:\/\/www.photagne.com\/?s={search_term_string}"},"query-input":"required name=search_term_string"}],"inLanguage":"it-IT"},{"@type":["Person","Organization"],"@id":"https:\/\/www.photagne.com\/#\/schema\/person\/3e571ba91ff94f56525115c261aa9530","name":"Photagne","image":{"@type":"ImageObject","inLanguage":"it-IT","@id":"https:\/\/www.photagne.com\/#\/schema\/person\/image\/","url":"https:\/\/www.photagne.com\/wp-content\/uploads\/2021\/01\/P6180874-1-scaled.jpeg","contentUrl":"https:\/\/www.photagne.com\/wp-content\/uploads\/2021\/01\/P6180874-1-scaled.jpeg","width":1920,"height":2560,"caption":"Photagne"},"logo":{"@id":"https:\/\/www.photagne.com\/#\/schema\/person\/image\/"},"description":"J'ai commenc\u00e9 la photographie en 2015 lors d'un voyage \u00e0 Hawaii. Depuis lors, je me consacre \u00e0 la photographie de paysages lors de mes nombreux treks en montagne.","sameAs":["https:\/\/photagne.com"]}]}},"_links":{"self":[{"href":"https:\/\/www.photagne.com\/it\/wp-json\/wp\/v2\/tags\/63","targetHints":{"allow":["GET"]}}],"collection":[{"href":"https:\/\/www.photagne.com\/it\/wp-json\/wp\/v2\/tags"}],"about":[{"href":"https:\/\/www.photagne.com\/it\/wp-json\/wp\/v2\/taxonomies\/post_tag"}],"wp:post_type":[{"href":"https:\/\/www.photagne.com\/it\/wp-json\/wp\/v2\/posts?tags=63"}],"curies":[{"name":"wp","href":"https:\/\/api.w.org\/{rel}","templated":true}]}}